{"id":4755,"date":"2020-10-07T15:23:20","date_gmt":"2020-10-07T15:23:20","guid":{"rendered":"https:\/\/museums.wales\/gwyl-amgueddfeydd-cymru-2020\/"},"modified":"2025-09-22T13:28:53","modified_gmt":"2025-09-22T13:28:53","slug":"gwyl-amgueddfeydd-cymru-2020","status":"publish","type":"post","link":"https:\/\/museumsfederation.cymru\/cy\/gwyl-amgueddfeydd-cymru-2020\/","title":{"rendered":"G\u0174YL AMGUEDDFEYDD CYMRU 2020"},"content":{"rendered":"\n<figure class=\"wp-block-gallery columns-3 is-cropped wp-block-gallery-1 is-layout-flex wp-block-gallery-is-layout-flex\"><ul class=\"blocks-gallery-grid\"><li class=\"blocks-gallery-item\"><figure><img decoding=\"async\" src=\"https:\/\/museumsfederation.cymru\/wp-content\/uploads\/2020\/10\/Screen-Shot-2019-10-25-at-12.06.48-1.png\" alt=\"\" data-id=\"832\" data-full-url=\"https:\/\/museumsfederation.cymru\/wp-content\/uploads\/2020\/10\/Screen-Shot-2019-10-25-at-12.06.48-1.png\" data-link=\"https:\/\/museumsfestival.wales\/?attachment_id=832\" class=\"wp-image-832\"\/><\/figure><\/li><li class=\"blocks-gallery-item\"><figure><img decoding=\"async\" src=\"https:\/\/museumsfestival.wales\/wp-content\/uploads\/2020\/10\/shutterstock_648326134-1-1024x683.jpg\" alt=\"\" data-id=\"834\" data-full-url=\"https:\/\/museumsfederation.cymru\/wp-content\/uploads\/2020\/10\/shutterstock_648326134-1-scaled-1.jpg\" data-link=\"https:\/\/museumsfestival.wales\/?attachment_id=834\" class=\"wp-image-834\"\/><\/figure><\/li><li class=\"blocks-gallery-item\"><figure><img decoding=\"async\" src=\"https:\/\/museumsfestival.wales\/wp-content\/uploads\/2020\/10\/shutterstock_1426531499-1-1024x702.jpg\" alt=\"\" data-id=\"836\" data-full-url=\"https:\/\/museumsfederation.cymru\/wp-content\/uploads\/2020\/10\/shutterstock_1426531499-1-scaled-1.jpg\" data-link=\"https:\/\/museumsfestival.wales\/?attachment_id=836\" class=\"wp-image-836\"\/><\/figure><\/li><\/ul><\/figure>\n\n<p>Er gwaethaf cloeon COVID a\u2019r cyfyngiadau Mae G\u0175yl Amgueddfeydd Cymru yn paratoi i helpu chi fwynhau #HannerTymorHanesyddol mis Hydref yma, gydag ystod o ddigwyddiadau diogel COVID arbennig mewn amgueddfeydd agored, a chyfoeth o ddigwyddiadau, gweithgareddau ac adnoddau ar-lein i swyno pob oedran, rhwng 24 Hydref a 1 Tachwedd.<\/p>\n\n<p>Mae G\u0175yl Amgueddfeydd Cymru yn ddigwyddiad blynyddol a gyflwynir gan Ffederasiwn Amgueddfeydd ac Orielau Cymru, sef y corff strategol ar gyfer amgueddfeydd ac orielau a rheini sy\u2019n gweithio ofewn y sector yng Nghymru. Ar hyn o bryd mae&#8217;n cynrychioli dros 100 o amgueddfeydd unigryw achrededig Cymru, o&#8217;r rhai bach iawn i&#8217;n hamgueddfeydd cenedlaethol gwych. Gyda\u2019i gilydd, mae\u2019r casgliadau amhrisiadwy hyn yn adrodd stori Cymru, ac yn adnodd gwerthfawr ar gyfer dysgu, archwilio a gwybodaeth am ein hunaniaeth leol a chenedlaethol, a sut rydym wedi byw yma yng Nghymru ers cyn cof.    <\/p>\n\n<p>Mewn rhanbarthau nad ydynt yn destun i gloeon COVID lleol, mae amgueddfeydd ar draws Cymru yn paratoi gweithgareddau diogel ar eu safleoedd, tra bod eraill yn paratoi cynnig y gallwn ei ddarlledu i&#8217;ch cartref, gan gynnwys gweithdai ar-lein, sgyrsiau a gweithgareddau. Bydd \u2018Amgueddfa Adref\u2019 yn un o them\u00e2u allweddol eleni, ac yn ogystal \u00e2 dod \u00e2 chynnwys amgueddfeydd i gartrefi byddwn hefyd yn eich helpu i gysidro eich cartref fel amgueddfa.  <\/p>\n\n<p>Ar ben hynny i gyd, bydd digon o weithgaredd a hwyl, i helpu i wneud hanner tymor mor ddiddorol a chyffrous \u00e2 phosib ac rydyn ni wrth law i gefnogi gyda halibal\u0175 Calan Gaeaf hefyd!  <\/p>\n\n<p>Wrth siarad am yr \u0174yl, dywedodd Llywydd Ffederasiwn Amgueddfeydd Cymru, Victoria Rogers: <em>\u201cMae G\u0175yl Amgueddfeydd Cymru yn darparu ffocws i amgueddfeydd yng Nghymru greu digwyddiadau i rymuso a chysylltu ymhellach \u00e2\u2019u cymunedau lleol, ac i gyffroi cenhedlaeth newydd am hanes a straeon eu lle. Mae amgueddfeydd yn warchodwyr ein gorffennol, ond meant hefyd yn ymwneud yn y b\u00f4n \u00e2 phobl ac \u00e2 chreu ein dyfodol. Bydd G\u0175yl eleni yn canolbwyntio ar sicrhau bod pobl ledled y wlad yn gallu mwynhau cymryd rhan mewn digwyddiadau a gweithgareddau yn eu hamgueddfeydd lleol &#8211; p&#8217;un ai ar y safle neu ar-lein &#8211; rhywbeth rydyn ni&#8217;n gwybod sydd ei angen yn fawr ar hyn o bryd.&#8221;<\/em><\/p>\n\n<p>Ariennir G\u0175yl Amgueddfeydd Cymru gan Lywodraeth Cymru.    <\/p>\n\n<p>Cynhelir G\u0175yl Amgueddfeydd Cymru rhwng 24 Hydref a 1 Tachwedd eleni, gyda chyfuniad o ddigwyddiadau mewn amgueddfeydd ac ar-lein ar gyfer pob oedran, ac mae llawer ohonynt AM DDIM. Ceir manylion llawn gweithgareddau G\u0175yl Amgueddfeydd Cymru ar wefan yr \u0175yl: www.amgueddfeydd.cymru<\/p>\n","protected":false},"excerpt":{"rendered":"<ul class=\"blocks-gallery-grid\">\n<li class=\"blocks-gallery-item\"><\/li>\n<li class=\"blocks-gallery-item\"><\/li>\n<li class=\"blocks-gallery-item\"><\/li>\n<\/ul>\n<p>Er gwaethaf cloeon COVID a\u2019r cyfyngiadau Mae G\u0175yl Amgueddfeydd Cymru yn paratoi i helpu chi fwynhau #HannerTymorHanesyddol mis Hydref yma,<\/p>\n","protected":false},"author":199,"featured_media":7173,"comment_status":"open","ping_status":"closed","sticky":false,"template":"","format":"standard","meta":{"_acf_changed":false,"footnotes":""},"categories":[253],"tags":[250,251,252,254,255],"class_list":["post-4755","post","type-post","status-publish","format-standard","has-post-thumbnail","hentry","category-gwyl-amgueddfeydd-cymru","tag-amgueddfa","tag-digwyddiadau","tag-gwyl","tag-gwyl-amgueddfeydd-cymru","tag-hanner-tymor"],"acf":[],"yoast_head":"<!-- This site is optimized with the Yoast SEO plugin v27.4 - https:\/\/yoast.com\/product\/yoast-seo-wordpress\/ -->\n<title>G\u0174YL AMGUEDDFEYDD CYMRU 2020 - Museums Federation Cymru<\/title>\n<meta name=\"robots\" content=\"index, follow, max-snippet:-1, max-image-preview:large, max-video-preview:-1\" \/>\n<meta property=\"og:locale\" content=\"cy_GB\" \/>\n<meta property=\"og:type\" content=\"article\" \/>\n<meta property=\"og:title\" content=\"G\u0174YL AMGUEDDFEYDD CYMRU 2020 - Museums Federation Cymru\" \/>\n<meta property=\"og:description\" content=\"Er gwaethaf cloeon COVID a\u2019r cyfyngiadau Mae G\u0175yl Amgueddfeydd Cymru yn paratoi i helpu chi fwynhau #HannerTymorHanesyddol mis Hydref yma,\" \/>\n<meta property=\"og:url\" content=\"https:\/\/museumsfederation.cymru\/cy\/gwyl-amgueddfeydd-cymru-2020\/\" \/>\n<meta property=\"og:site_name\" content=\"Museums Federation Cymru\" \/>\n<meta property=\"article:published_time\" content=\"2020-10-07T15:23:20+00:00\" \/>\n<meta property=\"article:modified_time\" content=\"2025-09-22T13:28:53+00:00\" \/>\n<meta property=\"og:image\" content=\"https:\/\/museumsfederation.cymru\/wp-content\/uploads\/2020\/10\/museums-historic-half-term-all-ages-scaled-1.jpg\" \/>\n\t<meta property=\"og:image:width\" content=\"1620\" \/>\n\t<meta property=\"og:image:height\" content=\"1080\" \/>\n\t<meta property=\"og:image:type\" content=\"image\/jpeg\" \/>\n<meta name=\"author\" content=\"Carys Mair Thomas\" \/>\n<meta name=\"twitter:card\" content=\"summary_large_image\" \/>\n<meta name=\"twitter:label1\" content=\"Written by\" \/>\n\t<meta name=\"twitter:data1\" content=\"Carys Mair Thomas\" \/>\n\t<meta name=\"twitter:label2\" content=\"Est. reading time\" \/>\n\t<meta name=\"twitter:data2\" content=\"2 minutes\" \/>\n<script type=\"application\/ld+json\" class=\"yoast-schema-graph\">{\"@context\":\"https:\\\/\\\/schema.org\",\"@graph\":[{\"@type\":\"Article\",\"@id\":\"https:\\\/\\\/museumsfederation.cymru\\\/cy\\\/gwyl-amgueddfeydd-cymru-2020\\\/#article\",\"isPartOf\":{\"@id\":\"https:\\\/\\\/museumsfederation.cymru\\\/cy\\\/gwyl-amgueddfeydd-cymru-2020\\\/\"},\"author\":{\"name\":\"Carys Mair Thomas\",\"@id\":\"https:\\\/\\\/museumsfederation.cymru\\\/cy\\\/#\\\/schema\\\/person\\\/ac0a93af34a7ad15636fb598e5f6d116\"},\"headline\":\"G\u0174YL AMGUEDDFEYDD CYMRU 2020\",\"datePublished\":\"2020-10-07T15:23:20+00:00\",\"dateModified\":\"2025-09-22T13:28:53+00:00\",\"mainEntityOfPage\":{\"@id\":\"https:\\\/\\\/museumsfederation.cymru\\\/cy\\\/gwyl-amgueddfeydd-cymru-2020\\\/\"},\"wordCount\":420,\"commentCount\":0,\"publisher\":{\"@id\":\"https:\\\/\\\/museumsfederation.cymru\\\/cy\\\/#organization\"},\"image\":{\"@id\":\"https:\\\/\\\/museumsfederation.cymru\\\/cy\\\/gwyl-amgueddfeydd-cymru-2020\\\/#primaryimage\"},\"thumbnailUrl\":\"https:\\\/\\\/museumsfederation.cymru\\\/wp-content\\\/uploads\\\/2020\\\/10\\\/museums-historic-half-term-all-ages-scaled-1.jpg\",\"keywords\":[\"Amgueddfa\",\"Digwyddiadau\",\"Gwyl\",\"G\u0175yl Amgueddfeydd Cymru\",\"Hanner Tymor\"],\"articleSection\":[\"G\u0175yl Amgueddfeydd Cymru\"],\"inLanguage\":\"cy-GB\",\"potentialAction\":[{\"@type\":\"CommentAction\",\"name\":\"Comment\",\"target\":[\"https:\\\/\\\/museumsfederation.cymru\\\/cy\\\/gwyl-amgueddfeydd-cymru-2020\\\/#respond\"]}]},{\"@type\":\"WebPage\",\"@id\":\"https:\\\/\\\/museumsfederation.cymru\\\/cy\\\/gwyl-amgueddfeydd-cymru-2020\\\/\",\"url\":\"https:\\\/\\\/museumsfederation.cymru\\\/cy\\\/gwyl-amgueddfeydd-cymru-2020\\\/\",\"name\":\"G\u0174YL AMGUEDDFEYDD CYMRU 2020 - Museums Federation Cymru\",\"isPartOf\":{\"@id\":\"https:\\\/\\\/museumsfederation.cymru\\\/cy\\\/#website\"},\"primaryImageOfPage\":{\"@id\":\"https:\\\/\\\/museumsfederation.cymru\\\/cy\\\/gwyl-amgueddfeydd-cymru-2020\\\/#primaryimage\"},\"image\":{\"@id\":\"https:\\\/\\\/museumsfederation.cymru\\\/cy\\\/gwyl-amgueddfeydd-cymru-2020\\\/#primaryimage\"},\"thumbnailUrl\":\"https:\\\/\\\/museumsfederation.cymru\\\/wp-content\\\/uploads\\\/2020\\\/10\\\/museums-historic-half-term-all-ages-scaled-1.jpg\",\"datePublished\":\"2020-10-07T15:23:20+00:00\",\"dateModified\":\"2025-09-22T13:28:53+00:00\",\"breadcrumb\":{\"@id\":\"https:\\\/\\\/museumsfederation.cymru\\\/cy\\\/gwyl-amgueddfeydd-cymru-2020\\\/#breadcrumb\"},\"inLanguage\":\"cy-GB\",\"potentialAction\":[{\"@type\":\"ReadAction\",\"target\":[\"https:\\\/\\\/museumsfederation.cymru\\\/cy\\\/gwyl-amgueddfeydd-cymru-2020\\\/\"]}]},{\"@type\":\"ImageObject\",\"inLanguage\":\"cy-GB\",\"@id\":\"https:\\\/\\\/museumsfederation.cymru\\\/cy\\\/gwyl-amgueddfeydd-cymru-2020\\\/#primaryimage\",\"url\":\"https:\\\/\\\/museumsfederation.cymru\\\/wp-content\\\/uploads\\\/2020\\\/10\\\/museums-historic-half-term-all-ages-scaled-1.jpg\",\"contentUrl\":\"https:\\\/\\\/museumsfederation.cymru\\\/wp-content\\\/uploads\\\/2020\\\/10\\\/museums-historic-half-term-all-ages-scaled-1.jpg\",\"width\":1620,\"height\":1080},{\"@type\":\"BreadcrumbList\",\"@id\":\"https:\\\/\\\/museumsfederation.cymru\\\/cy\\\/gwyl-amgueddfeydd-cymru-2020\\\/#breadcrumb\",\"itemListElement\":[{\"@type\":\"ListItem\",\"position\":1,\"name\":\"Home\",\"item\":\"https:\\\/\\\/museumsfederation.cymru\\\/cy\\\/\"},{\"@type\":\"ListItem\",\"position\":2,\"name\":\"G\u0174YL AMGUEDDFEYDD CYMRU 2020\"}]},{\"@type\":\"WebSite\",\"@id\":\"https:\\\/\\\/museumsfederation.cymru\\\/cy\\\/#website\",\"url\":\"https:\\\/\\\/museumsfederation.cymru\\\/cy\\\/\",\"name\":\"Museums Federation Cymru\",\"description\":\"\",\"publisher\":{\"@id\":\"https:\\\/\\\/museumsfederation.cymru\\\/cy\\\/#organization\"},\"potentialAction\":[{\"@type\":\"SearchAction\",\"target\":{\"@type\":\"EntryPoint\",\"urlTemplate\":\"https:\\\/\\\/museumsfederation.cymru\\\/cy\\\/?s={search_term_string}\"},\"query-input\":{\"@type\":\"PropertyValueSpecification\",\"valueRequired\":true,\"valueName\":\"search_term_string\"}}],\"inLanguage\":\"cy-GB\"},{\"@type\":\"Organization\",\"@id\":\"https:\\\/\\\/museumsfederation.cymru\\\/cy\\\/#organization\",\"name\":\"Museums Federation Cymru\",\"url\":\"https:\\\/\\\/museumsfederation.cymru\\\/cy\\\/\",\"logo\":{\"@type\":\"ImageObject\",\"inLanguage\":\"cy-GB\",\"@id\":\"https:\\\/\\\/museumsfederation.cymru\\\/cy\\\/#\\\/schema\\\/logo\\\/image\\\/\",\"url\":\"https:\\\/\\\/museumsfederation.cymru\\\/wp-content\\\/uploads\\\/2023\\\/06\\\/Feds_logo.svg\",\"contentUrl\":\"https:\\\/\\\/museumsfederation.cymru\\\/wp-content\\\/uploads\\\/2023\\\/06\\\/Feds_logo.svg\",\"width\":66,\"height\":87,\"caption\":\"Museums Federation Cymru\"},\"image\":{\"@id\":\"https:\\\/\\\/museumsfederation.cymru\\\/cy\\\/#\\\/schema\\\/logo\\\/image\\\/\"}},{\"@type\":\"Person\",\"@id\":\"https:\\\/\\\/museumsfederation.cymru\\\/cy\\\/#\\\/schema\\\/person\\\/ac0a93af34a7ad15636fb598e5f6d116\",\"name\":\"Carys Mair Thomas\",\"image\":{\"@type\":\"ImageObject\",\"inLanguage\":\"cy-GB\",\"@id\":\"https:\\\/\\\/secure.gravatar.com\\\/avatar\\\/643cef97be8c08ebf506f83475fc907745a4e8284f529bc9179c8398de52d5e6?s=96&d=mm&r=g\",\"url\":\"https:\\\/\\\/secure.gravatar.com\\\/avatar\\\/643cef97be8c08ebf506f83475fc907745a4e8284f529bc9179c8398de52d5e6?s=96&d=mm&r=g\",\"contentUrl\":\"https:\\\/\\\/secure.gravatar.com\\\/avatar\\\/643cef97be8c08ebf506f83475fc907745a4e8284f529bc9179c8398de52d5e6?s=96&d=mm&r=g\",\"caption\":\"Carys Mair Thomas\"},\"url\":\"https:\\\/\\\/museumsfederation.cymru\\\/cy\\\/author\\\/carysmair\\\/\"}]}<\/script>\n<!-- \/ Yoast SEO plugin. -->","yoast_head_json":{"title":"G\u0174YL AMGUEDDFEYDD CYMRU 2020 - Museums Federation Cymru","robots":{"index":"index","follow":"follow","max-snippet":"max-snippet:-1","max-image-preview":"max-image-preview:large","max-video-preview":"max-video-preview:-1"},"og_locale":"cy_GB","og_type":"article","og_title":"G\u0174YL AMGUEDDFEYDD CYMRU 2020 - Museums Federation Cymru","og_description":"Er gwaethaf cloeon COVID a\u2019r cyfyngiadau Mae G\u0175yl Amgueddfeydd Cymru yn paratoi i helpu chi fwynhau #HannerTymorHanesyddol mis Hydref yma,","og_url":"https:\/\/museumsfederation.cymru\/cy\/gwyl-amgueddfeydd-cymru-2020\/","og_site_name":"Museums Federation Cymru","article_published_time":"2020-10-07T15:23:20+00:00","article_modified_time":"2025-09-22T13:28:53+00:00","og_image":[{"width":1620,"height":1080,"url":"https:\/\/museumsfederation.cymru\/wp-content\/uploads\/2020\/10\/museums-historic-half-term-all-ages-scaled-1.jpg","type":"image\/jpeg"}],"author":"Carys Mair Thomas","twitter_card":"summary_large_image","twitter_misc":{"Written by":"Carys Mair Thomas","Est. reading time":"2 minutes"},"schema":{"@context":"https:\/\/schema.org","@graph":[{"@type":"Article","@id":"https:\/\/museumsfederation.cymru\/cy\/gwyl-amgueddfeydd-cymru-2020\/#article","isPartOf":{"@id":"https:\/\/museumsfederation.cymru\/cy\/gwyl-amgueddfeydd-cymru-2020\/"},"author":{"name":"Carys Mair Thomas","@id":"https:\/\/museumsfederation.cymru\/cy\/#\/schema\/person\/ac0a93af34a7ad15636fb598e5f6d116"},"headline":"G\u0174YL AMGUEDDFEYDD CYMRU 2020","datePublished":"2020-10-07T15:23:20+00:00","dateModified":"2025-09-22T13:28:53+00:00","mainEntityOfPage":{"@id":"https:\/\/museumsfederation.cymru\/cy\/gwyl-amgueddfeydd-cymru-2020\/"},"wordCount":420,"commentCount":0,"publisher":{"@id":"https:\/\/museumsfederation.cymru\/cy\/#organization"},"image":{"@id":"https:\/\/museumsfederation.cymru\/cy\/gwyl-amgueddfeydd-cymru-2020\/#primaryimage"},"thumbnailUrl":"https:\/\/museumsfederation.cymru\/wp-content\/uploads\/2020\/10\/museums-historic-half-term-all-ages-scaled-1.jpg","keywords":["Amgueddfa","Digwyddiadau","Gwyl","G\u0175yl Amgueddfeydd Cymru","Hanner Tymor"],"articleSection":["G\u0175yl Amgueddfeydd Cymru"],"inLanguage":"cy-GB","potentialAction":[{"@type":"CommentAction","name":"Comment","target":["https:\/\/museumsfederation.cymru\/cy\/gwyl-amgueddfeydd-cymru-2020\/#respond"]}]},{"@type":"WebPage","@id":"https:\/\/museumsfederation.cymru\/cy\/gwyl-amgueddfeydd-cymru-2020\/","url":"https:\/\/museumsfederation.cymru\/cy\/gwyl-amgueddfeydd-cymru-2020\/","name":"G\u0174YL AMGUEDDFEYDD CYMRU 2020 - Museums Federation Cymru","isPartOf":{"@id":"https:\/\/museumsfederation.cymru\/cy\/#website"},"primaryImageOfPage":{"@id":"https:\/\/museumsfederation.cymru\/cy\/gwyl-amgueddfeydd-cymru-2020\/#primaryimage"},"image":{"@id":"https:\/\/museumsfederation.cymru\/cy\/gwyl-amgueddfeydd-cymru-2020\/#primaryimage"},"thumbnailUrl":"https:\/\/museumsfederation.cymru\/wp-content\/uploads\/2020\/10\/museums-historic-half-term-all-ages-scaled-1.jpg","datePublished":"2020-10-07T15:23:20+00:00","dateModified":"2025-09-22T13:28:53+00:00","breadcrumb":{"@id":"https:\/\/museumsfederation.cymru\/cy\/gwyl-amgueddfeydd-cymru-2020\/#breadcrumb"},"inLanguage":"cy-GB","potentialAction":[{"@type":"ReadAction","target":["https:\/\/museumsfederation.cymru\/cy\/gwyl-amgueddfeydd-cymru-2020\/"]}]},{"@type":"ImageObject","inLanguage":"cy-GB","@id":"https:\/\/museumsfederation.cymru\/cy\/gwyl-amgueddfeydd-cymru-2020\/#primaryimage","url":"https:\/\/museumsfederation.cymru\/wp-content\/uploads\/2020\/10\/museums-historic-half-term-all-ages-scaled-1.jpg","contentUrl":"https:\/\/museumsfederation.cymru\/wp-content\/uploads\/2020\/10\/museums-historic-half-term-all-ages-scaled-1.jpg","width":1620,"height":1080},{"@type":"BreadcrumbList","@id":"https:\/\/museumsfederation.cymru\/cy\/gwyl-amgueddfeydd-cymru-2020\/#breadcrumb","itemListElement":[{"@type":"ListItem","position":1,"name":"Home","item":"https:\/\/museumsfederation.cymru\/cy\/"},{"@type":"ListItem","position":2,"name":"G\u0174YL AMGUEDDFEYDD CYMRU 2020"}]},{"@type":"WebSite","@id":"https:\/\/museumsfederation.cymru\/cy\/#website","url":"https:\/\/museumsfederation.cymru\/cy\/","name":"Museums Federation Cymru","description":"","publisher":{"@id":"https:\/\/museumsfederation.cymru\/cy\/#organization"},"potentialAction":[{"@type":"SearchAction","target":{"@type":"EntryPoint","urlTemplate":"https:\/\/museumsfederation.cymru\/cy\/?s={search_term_string}"},"query-input":{"@type":"PropertyValueSpecification","valueRequired":true,"valueName":"search_term_string"}}],"inLanguage":"cy-GB"},{"@type":"Organization","@id":"https:\/\/museumsfederation.cymru\/cy\/#organization","name":"Museums Federation Cymru","url":"https:\/\/museumsfederation.cymru\/cy\/","logo":{"@type":"ImageObject","inLanguage":"cy-GB","@id":"https:\/\/museumsfederation.cymru\/cy\/#\/schema\/logo\/image\/","url":"https:\/\/museumsfederation.cymru\/wp-content\/uploads\/2023\/06\/Feds_logo.svg","contentUrl":"https:\/\/museumsfederation.cymru\/wp-content\/uploads\/2023\/06\/Feds_logo.svg","width":66,"height":87,"caption":"Museums Federation Cymru"},"image":{"@id":"https:\/\/museumsfederation.cymru\/cy\/#\/schema\/logo\/image\/"}},{"@type":"Person","@id":"https:\/\/museumsfederation.cymru\/cy\/#\/schema\/person\/ac0a93af34a7ad15636fb598e5f6d116","name":"Carys Mair Thomas","image":{"@type":"ImageObject","inLanguage":"cy-GB","@id":"https:\/\/secure.gravatar.com\/avatar\/643cef97be8c08ebf506f83475fc907745a4e8284f529bc9179c8398de52d5e6?s=96&d=mm&r=g","url":"https:\/\/secure.gravatar.com\/avatar\/643cef97be8c08ebf506f83475fc907745a4e8284f529bc9179c8398de52d5e6?s=96&d=mm&r=g","contentUrl":"https:\/\/secure.gravatar.com\/avatar\/643cef97be8c08ebf506f83475fc907745a4e8284f529bc9179c8398de52d5e6?s=96&d=mm&r=g","caption":"Carys Mair Thomas"},"url":"https:\/\/museumsfederation.cymru\/cy\/author\/carysmair\/"}]}},"_links":{"self":[{"href":"https:\/\/museumsfederation.cymru\/cy\/wp-json\/wp\/v2\/posts\/4755","targetHints":{"allow":["GET"]}}],"collection":[{"href":"https:\/\/museumsfederation.cymru\/cy\/wp-json\/wp\/v2\/posts"}],"about":[{"href":"https:\/\/museumsfederation.cymru\/cy\/wp-json\/wp\/v2\/types\/post"}],"author":[{"embeddable":true,"href":"https:\/\/museumsfederation.cymru\/cy\/wp-json\/wp\/v2\/users\/199"}],"replies":[{"embeddable":true,"href":"https:\/\/museumsfederation.cymru\/cy\/wp-json\/wp\/v2\/comments?post=4755"}],"version-history":[{"count":1,"href":"https:\/\/museumsfederation.cymru\/cy\/wp-json\/wp\/v2\/posts\/4755\/revisions"}],"predecessor-version":[{"id":7215,"href":"https:\/\/museumsfederation.cymru\/cy\/wp-json\/wp\/v2\/posts\/4755\/revisions\/7215"}],"wp:featuredmedia":[{"embeddable":true,"href":"https:\/\/museumsfederation.cymru\/cy\/wp-json\/wp\/v2\/media\/7173"}],"wp:attachment":[{"href":"https:\/\/museumsfederation.cymru\/cy\/wp-json\/wp\/v2\/media?parent=4755"}],"wp:term":[{"taxonomy":"category","embeddable":true,"href":"https:\/\/museumsfederation.cymru\/cy\/wp-json\/wp\/v2\/categories?post=4755"},{"taxonomy":"post_tag","embeddable":true,"href":"https:\/\/museumsfederation.cymru\/cy\/wp-json\/wp\/v2\/tags?post=4755"}],"curies":[{"name":"wp","href":"https:\/\/api.w.org\/{rel}","templated":true}]}}